{"id":779,"date":"2009-05-04T18:22:00","date_gmt":"2009-05-04T16:22:00","guid":{"rendered":"http:\/\/www.seflog.net\/altieri\/?p=779"},"modified":"2015-10-31T06:51:48","modified_gmt":"2015-10-31T05:51:48","slug":"la-domanda-del-bambino-con-gli-occhiali","status":"publish","type":"post","link":"https:\/\/www.fabrizioaltieri.it\/wordpress\/la-domanda-del-bambino-con-gli-occhiali\/","title":{"rendered":"La domanda del bambino con gli occhiali"},"content":{"rendered":"<div class='ai-viewports ai-viewport-3 ai-insert-55-96491673' style='margin: 8px auto; text-align: center; display: block; clear: both;' data-insertion-position='prepend' data-selector='.ai-insert-55-96491673' data-insertion-no-dbg data-code='PGRpdiBjbGFzcz0nY29kZS1ibG9jayBjb2RlLWJsb2NrLTU1IGNvZGUtYmxvY2stcHJpbWEtZGVsLWNvbnRlbnV0by1maXNzbyBhaS10cmFjaycgZGF0YS1haT0nV3pVMUxDSWlMQ0p3Y21sdFlTQmtaV3dnWTI5dWRHVnVkWFJ2SUdacGMzTnZJaXdpSWl3eFhRPT0nIHN0eWxlPSdtYXJnaW46IDhweCBhdXRvOyB0ZXh0LWFsaWduOiBjZW50ZXI7IGRpc3BsYXk6IGJsb2NrOyBjbGVhcjogYm90aDsnPgoKPGRpdiBjbGFzcz0nYWktcm90YXRlIGFpLXVucHJvY2Vzc2VkIGFpLXJvdGF0ZS01NS00NzU4MTc2MScgZGF0YS1zaGFyZXM9J1d5MHhMRFUxTERFd01GMD0nIHN0eWxlPSdwb3NpdGlvbjogcmVsYXRpdmU7Jz4KPGRpdiBjbGFzcz0iYWktcm90YXRlLW9wdGlvbiIgZGF0YS1pbmRleD0iMSIgZGF0YS1uYW1lPSJRUT09IiBkYXRhLWNvZGU9IkNnbzhjMk55YVhCMElHRnplVzVqSUhOeVl6MGlhSFIwY0hNNkx5OXdZV2RsWVdReUxtZHZiMmRzWlhONWJtUnBZMkYwYVc5dUxtTnZiUzl3WVdkbFlXUXZhbk12WVdSellubG5iMjluYkdVdWFuTS9ZMnhwWlc1MFBXTmhMWEIxWWkwMk16Y3pOVFU0TVRBeE1UYzNPRFkxSWdvZ0lDQWdJR055YjNOemIzSnBaMmx1UFNKaGJtOXVlVzF2ZFhNaVBqd3ZjMk55YVhCMFBnbzhJUzB0SUhCeWFXMWhJR1JsYkd3bllYSjBhV052Ykc4Z2MyMWhjblJ3YUc5dVpTQXlNREkxSUMwdFBnbzhhVzV6SUdOc1lYTnpQU0poWkhOaWVXZHZiMmRzWlNJS0lDQWdJQ0J6ZEhsc1pUMGlaR2x6Y0d4aGVUcGliRzlqYXlJS0lDQWdJQ0JrWVhSaExXRmtMV05zYVdWdWREMGlZMkV0Y0hWaUxUWXpOek0xTlRneE1ERXhOemM0TmpVaUNpQWdJQ0FnWkdGMFlTMWhaQzF6Ykc5MFBTSXhNalk1TnpVeE16QXlJZ29nSUNBZ0lHUmhkR0V0WVdRdFptOXliV0YwUFNKaGRYUnZJZ29nSUNBZ0lHUmhkR0V0Wm5Wc2JDMTNhV1IwYUMxeVpYTndiMjV6YVhabFBTSjBjblZsSWo0OEwybHVjejRLUEhOamNtbHdkRDRLSUNBZ0lDQW9ZV1J6WW5sbmIyOW5iR1VnUFNCM2FXNWtiM2N1WVdSellubG5iMjluYkdVZ2ZId2dXMTBwTG5CMWMyZ29lMzBwT3dvOEwzTmpjbWx3ZEQ0S0NqeHdJSE4wZVd4bFBTSjBaWGgwTFdGc2FXZHVPaUJqWlc1MFpYSTdJajQ4WVNCb2NtVm1QU0pvZEhSd2N6b3ZMM2QzZHk1bVlXSnlhWHBwYjJGc2RHbGxjbWt1YVhRdmQyOXlaSEJ5WlhOekwybHVZMjl1ZEhKdkxXTnZiaTFzWVhWMGIzSmxMeUkrUEdsdFp5QmpiR0Z6Y3owaVlXeHBaMjV1YjI1bElIZHdMV2x0WVdkbExUUXdNVEk0TnlBaUlITnlZejBpYUhSMGNITTZMeTkzZDNjdVptRmljbWw2YVc5aGJIUnBaWEpwTG1sMEwzZHZjbVJ3Y21WemN5OTNjQzFqYjI1MFpXNTBMM1Z3Ykc5aFpITXZNakF5TXk4eE1pOXpZM0pwZEhSdmNtOXVaUzFsTVRjeU9UTXlOekUxTVRFME5DMHpNREI0TXpBd0xtcHdaeUlnWVd4MFBTSlRZM0pwZEhSdmNtOXVaU0lnZDJsa2RHZzlJamt3SWlCb1pXbG5hSFE5SWprd0lpQXZQand2WVQ0OEwzQStDZ284YURNZ2MzUjViR1U5SW5SbGVIUXRZV3hwWjI0NklHTmxiblJsY2pzaVBqeHpkSEp2Ym1jK1ZuVnZhU0JwYm1OdmJuUnlZWEp0YVNCdVpXeHNZU0IwZFdFZ2MyTjFiMnhoUHlBOFlTQm9jbVZtUFNKb2RIUndjem92TDNkM2R5NW1ZV0p5YVhwcGIyRnNkR2xsY21rdWFYUXZkMjl5WkhCeVpYTnpMMmx1WTI5dWRISnZMV052Ymkxc1lYVjBiM0psTHlJK1EyeHBZMk5oSUhGMWFTQThMMkUrUEM5emRISnZibWMrUEM5b016NEtDZ29LQ2c9PSI+CjwvZGl2Pgo8ZGl2IGNsYXNzPSJhaS1yb3RhdGUtb3B0aW9uIiBkYXRhLWluZGV4PSIyIiBkYXRhLW5hbWU9IlFnPT0iIGRhdGEtY29kZT0iQ2p4elkzSnBjSFFnWVhONWJtTWdjM0pqUFNKb2RIUndjem92TDNCaFoyVmhaREl1WjI5dloyeGxjM2x1WkdsallYUnBiMjR1WTI5dEwzQmhaMlZoWkM5cWN5OWhaSE5pZVdkdmIyZHNaUzVxY3o5amJHbGxiblE5WTJFdGNIVmlMVFl6TnpNMU5UZ3hNREV4TnpjNE5qVWlDaUFnSUNBZ1kzSnZjM052Y21sbmFXNDlJbUZ1YjI1NWJXOTFjeUkrUEM5elkzSnBjSFErQ2p3aExTMGdjSEpwYldFZ1pHVnNiQ2RoY25ScFkyOXNieUJ6YldGeWRIQm9iMjVsSURJd01qVWdMUzArQ2p4cGJuTWdZMnhoYzNNOUltRmtjMko1WjI5dloyeGxJZ29nSUNBZ0lITjBlV3hsUFNKa2FYTndiR0Y1T21Kc2IyTnJJZ29nSUNBZ0lHUmhkR0V0WVdRdFkyeHBaVzUwUFNKallTMXdkV0l0TmpNM016VTFPREV3TVRFM056ZzJOU0lLSUNBZ0lDQmtZWFJoTFdGa0xYTnNiM1E5SWpFeU5qazNOVEV6TURJaUNpQWdJQ0FnWkdGMFlTMWhaQzFtYjNKdFlYUTlJbUYxZEc4aUNpQWdJQ0FnWkdGMFlTMW1kV3hzTFhkcFpIUm9MWEpsYzNCdmJuTnBkbVU5SW5SeWRXVWlQand2YVc1elBnbzhjMk55YVhCMFBnb2dJQ0FnSUNoaFpITmllV2R2YjJkc1pTQTlJSGRwYm1SdmR5NWhaSE5pZVdkdmIyZHNaU0I4ZkNCYlhTa3VjSFZ6YUNoN2ZTazdDand2YzJOeWFYQjBQZ29LUEhBZ2MzUjViR1U5SW5SbGVIUXRZV3hwWjI0NklHTmxiblJsY2pzaVBqeHpkSEp2Ym1jK1BHRWdhSEpsWmowaWFIUjBjSE02THk5M2QzY3VabUZpY21sNmFXOWhiSFJwWlhKcExtbDBMM2R2Y21Sd2NtVnpjeTlrYjNkdWJHOWhaQzh5TlRBNE1TOC9kRzF6ZEhZOU1UYzBPVEk0Tnpjek1TSStQR2x0WnlCamJHRnpjejBpWVd4cFoyNXViMjVsSUhkd0xXbHRZV2RsTFRRNE1qRWdjMmw2WlMxbWRXeHNJaUIwYVhSc1pUMGljR1JtSUhOamFHVmtaU0JrWldrZ2JXbGxhU0JzYVdKeWFTSWdjM0pqUFNKb2RIUndjem92TDNkM2R5NW1ZV0p5YVhwcGIyRnNkR2xsY21rdWFYUXZkMjl5WkhCeVpYTnpMM2R3TFdOdmJuUmxiblF2ZFhCc2IyRmtjeTh5TURFMUx6QTRMM0JrWm1samIyNHRaVEUxTmpRd05qWXhPVFEwTnpZdWNHNW5JaUJoYkhROUluQmtaaUJ6WTJobFpHVWdaR1ZwSUcxcFpXa2diR2xpY21raUlIZHBaSFJvUFNJMk1DSWdhR1ZwWjJoMFBTSTJNQ0lnTHo0OEwyRStVMk5oY21sallTQnNaU0J6WTJobFpHVWdaR1ZwSUcxcFpXa2diR2xpY21rOEwzTjBjbTl1Wno0Z1BHRWdhSEpsWmowaWFIUjBjSE02THk5M2QzY3VabUZpY21sNmFXOWhiSFJwWlhKcExtbDBMM2R2Y21Sd2NtVnpjeTlrYjNkdWJHOWhaQzh5TlRBNE1TOC9kRzF6ZEhZOU1UYzBPVEk0Tnpjek1TSWdkR0Z5WjJWMFBTSmZZbXhoYm1zaUlISmxiRDBpYm05dmNHVnVaWElpUGp4emRISnZibWMrUTB4SlEwTkJJRkZWU1R3dmMzUnliMjVuUGp3dllUNDhMM0ErQ2dvS0Nnb0tDZz09Ij4KPC9kaXY+CjxkaXYgY2xhc3M9ImFpLXJvdGF0ZS1vcHRpb24iIGRhdGEtaW5kZXg9IjMiIGRhdGEtbmFtZT0iUXc9PSIgZGF0YS1jb2RlPSJDZ29LUEhOamNtbHdkQ0JoYzNsdVl5QnpjbU05SW1oMGRIQnpPaTh2Y0dGblpXRmtNaTVuYjI5bmJHVnplVzVrYVdOaGRHbHZiaTVqYjIwdmNHRm5aV0ZrTDJwekwyRmtjMko1WjI5dloyeGxMbXB6UDJOc2FXVnVkRDFqWVMxd2RXSXROak0zTXpVMU9ERXdNVEUzTnpnMk5TSUtJQ0FnSUNCamNtOXpjMjl5YVdkcGJqMGlZVzV2Ym5sdGIzVnpJajQ4TDNOamNtbHdkRDRLUENFdExTQndjbWx0WVNCa1pXeHNKMkZ5ZEdsamIyeHZJSE50WVhKMGNHaHZibVVnTWpBeU5TQXRMVDRLUEdsdWN5QmpiR0Z6Y3owaVlXUnpZbmxuYjI5bmJHVWlDaUFnSUNBZ2MzUjViR1U5SW1ScGMzQnNZWGs2WW14dlkyc2lDaUFnSUNBZ1pHRjBZUzFoWkMxamJHbGxiblE5SW1OaExYQjFZaTAyTXpjek5UVTRNVEF4TVRjM09EWTFJZ29nSUNBZ0lHUmhkR0V0WVdRdGMyeHZkRDBpTVRJMk9UYzFNVE13TWlJS0lDQWdJQ0JrWVhSaExXRmtMV1p2Y20xaGREMGlZWFYwYnlJS0lDQWdJQ0JrWVhSaExXWjFiR3d0ZDJsa2RHZ3RjbVZ6Y0c5dWMybDJaVDBpZEhKMVpTSStQQzlwYm5NK0NqeHpZM0pwY0hRK0NpQWdJQ0FnS0dGa2MySjVaMjl2WjJ4bElEMGdkMmx1Wkc5M0xtRmtjMko1WjI5dloyeGxJSHg4SUZ0ZEtTNXdkWE5vS0h0OUtUc0tQQzl6WTNKcGNIUStDZ284Y0NCemRIbHNaVDBpZEdWNGRDMWhiR2xuYmpvZ1kyVnVkR1Z5T3lJZ1pHRjBZUzEzY0MxbFpHbDBhVzVuUFNJeElqNDhjM1J5YjI1blBqeGhJR2h5WldZOUltaDBkSEJ6T2k4dmQzZDNMbVpoWW5KcGVtbHZZV3gwYVdWeWFTNXBkQzkzYjNKa2NISmxjM012Wkc5M2JteHZZV1F2TVRFeU16Z3ZQM1J0YzNSMlBURTNORGswT0RZd056Y2lQanhwYldjZ1kyeGhjM005SW1Gc2FXZHVibTl1WlNCM2NDMXBiV0ZuWlMwME9ESXhJSE5wZW1VdFpuVnNiQ0lnZEdsMGJHVTlJbkJrWmlCelkyaGxaR1VnWkdWcElHMXBaV2tnYkdsaWNta2dNV0VnWlNBeVlTQmxiR1Z0Wlc1MFlYSmxJaUJ6Y21NOUltaDBkSEJ6T2k4dmQzZDNMbVpoWW5KcGVtbHZZV3gwYVdWeWFTNXBkQzkzYjNKa2NISmxjM012ZDNBdFkyOXVkR1Z1ZEM5MWNHeHZZV1J6THpJd01UVXZNRGd2Y0dSbWFXTnZiaTFsTVRVMk5EQTJOakU1TkRRM05pNXdibWNpSUdGc2REMGljR1JtSUhOamFHVmtaU0JrWldrZ2JXbGxhU0JzYVdKeWFTQXhZU0JsSURKaElHVnNaVzFsYm5SaGNtVWlJSGRwWkhSb1BTSTJNQ0lnYUdWcFoyaDBQU0kyTUNJZ0x6NDhMMkUrVTJOaGNtbGpZU0JzWlNCelkyaGxaR1VnWkdWcElHMXBaV2tnYkdsaWNta2djR1Z5SURGaElHVWdNbUVnWld4bGJXVnVkR0Z5WlR3dmMzUnliMjVuUGlBOFlTQm9jbVZtUFNKb2RIUndjem92TDNkM2R5NW1ZV0p5YVhwcGIyRnNkR2xsY21rdWFYUXZkMjl5WkhCeVpYTnpMMlJ2ZDI1c2IyRmtMekV4TWpNNEx6OTBiWE4wZGoweE56UTVORGcyTURjM0lpQjBZWEpuWlhROUlsOWliR0Z1YXlJZ2NtVnNQU0p1YjI5d1pXNWxjaUkrUEhOMGNtOXVaejVEVEVsRFEwRWdVVlZKUEM5emRISnZibWMrUEM5aFBqd3ZjRDRLQ2dvPSI+CjwvZGl2Pgo8L2Rpdj4KPHNjcmlwdD5pZiAodHlwZW9mIGFpX2pzX2NvZGUgPT0gJ2Jvb2xlYW4nKSB7dmFyIGFpX2Jsb2NrX2RpdiA9IGRvY3VtZW50LnF1ZXJ5U2VsZWN0b3IgKCcuYWktcm90YXRlLTU1LTQ3NTgxNzYxJyk7IGFpX3Byb2Nlc3Nfcm90YXRpb24gKGFpX2Jsb2NrX2Rpdik7IGFpX2Jsb2NrX2Rpdi5jbGFzc0xpc3QucmVtb3ZlICgnYWktcm90YXRlLTU1LTQ3NTgxNzYxJyk7fTs8L3NjcmlwdD4KPC9kaXY+Cg==' data-block='55'><\/div>\n<script>\n  ai_run_600333681216 = function(){ai_insert_viewport_code ('ai-insert-55-96491673');};\n  if (document.readyState === 'complete' || (document.readyState !== 'loading' && !document.documentElement.doScroll)) ai_run_600333681216 (); else document.addEventListener ('DOMContentLoaded', ai_run_600333681216);\n<\/script>\n<p><a href=\"http:\/\/www.fabrizioaltieri.it\/wordpress\/wp-content\/uploads\/2009\/05\/luna-rossa1.jpg\"><img loading=\"lazy\" decoding=\"async\" class=\"alignleft size-medium wp-image-1939\" title=\"luna rossa\" src=\"http:\/\/www.fabrizioaltieri.it\/wordpress\/wp-content\/uploads\/2009\/05\/luna-rossa1-300x294.jpg\" alt=\"\" width=\"300\" height=\"294\" srcset=\"https:\/\/www.fabrizioaltieri.it\/wordpress\/wp-content\/uploads\/2009\/05\/luna-rossa1-300x294.jpg 300w, https:\/\/www.fabrizioaltieri.it\/wordpress\/wp-content\/uploads\/2009\/05\/luna-rossa1-290x284.jpg 290w, https:\/\/www.fabrizioaltieri.it\/wordpress\/wp-content\/uploads\/2009\/05\/luna-rossa1-36x36.jpg 36w, https:\/\/www.fabrizioaltieri.it\/wordpress\/wp-content\/uploads\/2009\/05\/luna-rossa1-24x24.jpg 24w, https:\/\/www.fabrizioaltieri.it\/wordpress\/wp-content\/uploads\/2009\/05\/luna-rossa1-48x48.jpg 48w, https:\/\/www.fabrizioaltieri.it\/wordpress\/wp-content\/uploads\/2009\/05\/luna-rossa1-32x32.jpg 32w, https:\/\/www.fabrizioaltieri.it\/wordpress\/wp-content\/uploads\/2009\/05\/luna-rossa1-170x166.jpg 170w, https:\/\/www.fabrizioaltieri.it\/wordpress\/wp-content\/uploads\/2009\/05\/luna-rossa1-284x278.jpg 284w, https:\/\/www.fabrizioaltieri.it\/wordpress\/wp-content\/uploads\/2009\/05\/luna-rossa1.jpg 351w\" sizes=\"auto, (max-width: 300px) 100vw, 300px\" \/><\/a>Qualche mese fa lo scrittore fu invitato a parlare ai ragazzi ad una scuola media vicino a Brescia. Lo schema era il solito, all&#8217;inizio timore e diffidenza da parte dei ragazzi e apprensione da parte dello scrittore di non essere all&#8217;altezza delle loro aspettative, come se fosse un esame. La fase successiva alla breve introduzione era quella pi\u00f9 bella perch\u00e9 i ragazzi, ormai sciolti in quanto avevano capito chi e come \u00e8 lo scrittore,\u00a0 non avevano pi\u00f9 timore di lui e lo bombardavano di domande.<\/p>\n<p>E le domande erano come sempre belle e interessanti e lo scrittore si chiedeva perch\u00e9 i bambini delle medie fanno domande sempre pi\u00f9 interessanti dei ragazzi delle superiori che fanno domande pi\u00f9 interessanti degli adulti. Anche perch\u00e9 gli adulti non fanno quasi mai domande.<\/p>\n<p>Poi un bambino con gli occhiali, affetto da miopia degli occhi ma non del cuore, pone una domanda allo scrittore: &#8220;Ma lei, quando scrive, guarda la luna?&#8221;.<br \/>\nLo scrittore, colto di sorpresa, finge di avere improvvisamente sete per prendere tempo e pensare una risposta, cos\u00ec si attacca alla bottiglietta dell&#8217;acqua.<\/p>\n<p>Poi capisce che quella domanda in realt\u00e0 \u00e8 una risposta.<\/p>\n<p>Quando scrive guarda la luna, cio\u00e8 fuori da s\u00e9 stesso, perch\u00e9 se guardasse solo dentro s\u00e9 stesso non avrebbe granch\u00e9 da scrivere. Lo scrittore risponde cos\u00ec al bambino che pare soddisfatto e non sa che \u00e8 stato lui a dargli la risposta.<\/p>\n<p>O forse invece lo sa.<\/p>\n<script>if (typeof ai_install_close_buttons == \"function\") {ai_install_close_buttons (document);}<\/script><!-- CONTENT END 1 -->\n","protected":false},"excerpt":{"rendered":"<p>Qualche mese fa lo scrittore fu invitato a parlare ai ragazzi ad una scuola media vicino a Brescia. Lo schema era il solito, all&#8217;inizio timore e diffidenza da parte dei ragazzi e apprensione da parte dello scrittore di non essere all&#8217;altezza delle loro aspettative, come se fosse un esame. La fase successiva alla breve introduzione [&hellip;]<\/p>\n","protected":false},"author":2,"featured_media":1939,"comment_status":"open","ping_status":"open","sticky":false,"template":"","format":"standard","meta":{"footnotes":""},"categories":[12,13,15],"tags":[111],"class_list":["post-779","post","type-post","status-publish","format-standard","has-post-thumbnail","hentry","category-letteratura","category-musica","category-scuola","tag-letteratura"],"yoast_head":"<!-- This site is optimized with the Yoast SEO plugin v27.4 - https:\/\/yoast.com\/product\/yoast-seo-wordpress\/ -->\n<title>la domanda del bambino con gli occhiali<\/title>\n<meta name=\"description\" content=\"Qualche mese fa lo scrittore fu invitato a parlare ai ragazzi ad una scuola media vicino a Brescia. Lo schema era il solito, all&#039;inizio timore e\" \/>\n<meta name=\"robots\" content=\"index, follow, max-snippet:-1, max-image-preview:large, max-video-preview:-1\" \/>\n<link rel=\"canonical\" href=\"https:\/\/www.fabrizioaltieri.it\/wordpress\/la-domanda-del-bambino-con-gli-occhiali\/\" \/>\n<meta property=\"og:locale\" content=\"it_IT\" \/>\n<meta property=\"og:type\" content=\"article\" \/>\n<meta property=\"og:title\" content=\"la domanda del bambino con gli occhiali\" \/>\n<meta property=\"og:description\" content=\"Qualche mese fa lo scrittore fu invitato a parlare ai ragazzi ad una scuola media vicino a Brescia. Lo schema era il solito, all&#039;inizio timore e\" \/>\n<meta property=\"og:url\" content=\"https:\/\/www.fabrizioaltieri.it\/wordpress\/la-domanda-del-bambino-con-gli-occhiali\/\" \/>\n<meta property=\"og:site_name\" content=\"Fabrizio Altieri\" \/>\n<meta property=\"article:publisher\" content=\"https:\/\/www.facebook.com\/fabrizio.altieri\" \/>\n<meta property=\"article:published_time\" content=\"2009-05-04T16:22:00+00:00\" \/>\n<meta property=\"article:modified_time\" content=\"2015-10-31T05:51:48+00:00\" \/>\n<meta property=\"og:image\" content=\"https:\/\/www.fabrizioaltieri.it\/wordpress\/wp-content\/uploads\/2009\/05\/luna-rossa1.jpg\" \/>\n\t<meta property=\"og:image:width\" content=\"351\" \/>\n\t<meta property=\"og:image:height\" content=\"344\" \/>\n\t<meta property=\"og:image:type\" content=\"image\/jpeg\" \/>\n<meta name=\"author\" content=\"Fabrizio\" \/>\n<meta name=\"twitter:card\" content=\"summary_large_image\" \/>\n<meta name=\"twitter:creator\" content=\"@scrittorone\" \/>\n<meta name=\"twitter:site\" content=\"@scrittorone\" \/>\n<meta name=\"twitter:label1\" content=\"Scritto da\" \/>\n\t<meta name=\"twitter:data1\" content=\"Fabrizio\" \/>\n\t<meta name=\"twitter:label2\" content=\"Tempo di lettura stimato\" \/>\n\t<meta name=\"twitter:data2\" content=\"1 minuto\" \/>\n<script type=\"application\/ld+json\" class=\"yoast-schema-graph\">{\"@context\":\"https:\\\/\\\/schema.org\",\"@graph\":[{\"@type\":\"Article\",\"@id\":\"https:\\\/\\\/www.fabrizioaltieri.it\\\/wordpress\\\/la-domanda-del-bambino-con-gli-occhiali\\\/#article\",\"isPartOf\":{\"@id\":\"https:\\\/\\\/www.fabrizioaltieri.it\\\/wordpress\\\/la-domanda-del-bambino-con-gli-occhiali\\\/\"},\"author\":{\"name\":\"Fabrizio\",\"@id\":\"https:\\\/\\\/www.fabrizioaltieri.it\\\/wordpress\\\/#\\\/schema\\\/person\\\/f28d64333d65e2dd8b16eee80923ce1d\"},\"headline\":\"La domanda del bambino con gli occhiali\",\"datePublished\":\"2009-05-04T16:22:00+00:00\",\"dateModified\":\"2015-10-31T05:51:48+00:00\",\"mainEntityOfPage\":{\"@id\":\"https:\\\/\\\/www.fabrizioaltieri.it\\\/wordpress\\\/la-domanda-del-bambino-con-gli-occhiali\\\/\"},\"wordCount\":240,\"commentCount\":3,\"publisher\":{\"@id\":\"https:\\\/\\\/www.fabrizioaltieri.it\\\/wordpress\\\/#\\\/schema\\\/person\\\/b9b57fbf444bfcc1f1861e5b25d24b41\"},\"image\":{\"@id\":\"https:\\\/\\\/www.fabrizioaltieri.it\\\/wordpress\\\/la-domanda-del-bambino-con-gli-occhiali\\\/#primaryimage\"},\"thumbnailUrl\":\"https:\\\/\\\/www.fabrizioaltieri.it\\\/wordpress\\\/wp-content\\\/uploads\\\/2009\\\/05\\\/luna-rossa1.jpg\",\"keywords\":[\"Letteratura\"],\"articleSection\":[\"Letteratura\",\"Musica\",\"Scuola\"],\"inLanguage\":\"it-IT\",\"potentialAction\":[{\"@type\":\"CommentAction\",\"name\":\"Comment\",\"target\":[\"https:\\\/\\\/www.fabrizioaltieri.it\\\/wordpress\\\/la-domanda-del-bambino-con-gli-occhiali\\\/#respond\"]}]},{\"@type\":\"WebPage\",\"@id\":\"https:\\\/\\\/www.fabrizioaltieri.it\\\/wordpress\\\/la-domanda-del-bambino-con-gli-occhiali\\\/\",\"url\":\"https:\\\/\\\/www.fabrizioaltieri.it\\\/wordpress\\\/la-domanda-del-bambino-con-gli-occhiali\\\/\",\"name\":\"la domanda del bambino con gli occhiali\",\"isPartOf\":{\"@id\":\"https:\\\/\\\/www.fabrizioaltieri.it\\\/wordpress\\\/#website\"},\"primaryImageOfPage\":{\"@id\":\"https:\\\/\\\/www.fabrizioaltieri.it\\\/wordpress\\\/la-domanda-del-bambino-con-gli-occhiali\\\/#primaryimage\"},\"image\":{\"@id\":\"https:\\\/\\\/www.fabrizioaltieri.it\\\/wordpress\\\/la-domanda-del-bambino-con-gli-occhiali\\\/#primaryimage\"},\"thumbnailUrl\":\"https:\\\/\\\/www.fabrizioaltieri.it\\\/wordpress\\\/wp-content\\\/uploads\\\/2009\\\/05\\\/luna-rossa1.jpg\",\"datePublished\":\"2009-05-04T16:22:00+00:00\",\"dateModified\":\"2015-10-31T05:51:48+00:00\",\"description\":\"Qualche mese fa lo scrittore fu invitato a parlare ai ragazzi ad una scuola media vicino a Brescia. Lo schema era il solito, all'inizio timore e\",\"breadcrumb\":{\"@id\":\"https:\\\/\\\/www.fabrizioaltieri.it\\\/wordpress\\\/la-domanda-del-bambino-con-gli-occhiali\\\/#breadcrumb\"},\"inLanguage\":\"it-IT\",\"potentialAction\":[{\"@type\":\"ReadAction\",\"target\":[\"https:\\\/\\\/www.fabrizioaltieri.it\\\/wordpress\\\/la-domanda-del-bambino-con-gli-occhiali\\\/\"]}]},{\"@type\":\"ImageObject\",\"inLanguage\":\"it-IT\",\"@id\":\"https:\\\/\\\/www.fabrizioaltieri.it\\\/wordpress\\\/la-domanda-del-bambino-con-gli-occhiali\\\/#primaryimage\",\"url\":\"https:\\\/\\\/www.fabrizioaltieri.it\\\/wordpress\\\/wp-content\\\/uploads\\\/2009\\\/05\\\/luna-rossa1.jpg\",\"contentUrl\":\"https:\\\/\\\/www.fabrizioaltieri.it\\\/wordpress\\\/wp-content\\\/uploads\\\/2009\\\/05\\\/luna-rossa1.jpg\",\"width\":351,\"height\":344},{\"@type\":\"BreadcrumbList\",\"@id\":\"https:\\\/\\\/www.fabrizioaltieri.it\\\/wordpress\\\/la-domanda-del-bambino-con-gli-occhiali\\\/#breadcrumb\",\"itemListElement\":[{\"@type\":\"ListItem\",\"position\":1,\"name\":\"Home\",\"item\":\"https:\\\/\\\/www.fabrizioaltieri.it\\\/wordpress\\\/\"},{\"@type\":\"ListItem\",\"position\":2,\"name\":\"La domanda del bambino con gli occhiali\"}]},{\"@type\":\"WebSite\",\"@id\":\"https:\\\/\\\/www.fabrizioaltieri.it\\\/wordpress\\\/#website\",\"url\":\"https:\\\/\\\/www.fabrizioaltieri.it\\\/wordpress\\\/\",\"name\":\"Fabrizio Altieri\",\"description\":\"Scrittore e insegnante\",\"publisher\":{\"@id\":\"https:\\\/\\\/www.fabrizioaltieri.it\\\/wordpress\\\/#\\\/schema\\\/person\\\/b9b57fbf444bfcc1f1861e5b25d24b41\"},\"alternateName\":\"Schede didattiche e libri per ragazzi\",\"potentialAction\":[{\"@type\":\"SearchAction\",\"target\":{\"@type\":\"EntryPoint\",\"urlTemplate\":\"https:\\\/\\\/www.fabrizioaltieri.it\\\/wordpress\\\/?s={search_term_string}\"},\"query-input\":{\"@type\":\"PropertyValueSpecification\",\"valueRequired\":true,\"valueName\":\"search_term_string\"}}],\"inLanguage\":\"it-IT\"},{\"@type\":[\"Person\",\"Organization\"],\"@id\":\"https:\\\/\\\/www.fabrizioaltieri.it\\\/wordpress\\\/#\\\/schema\\\/person\\\/b9b57fbf444bfcc1f1861e5b25d24b41\",\"name\":\"Fabrizio\",\"image\":{\"@type\":\"ImageObject\",\"inLanguage\":\"it-IT\",\"@id\":\"https:\\\/\\\/www.fabrizioaltieri.it\\\/wordpress\\\/wp-content\\\/uploads\\\/2023\\\/12\\\/scrittorone-e1729327151144.jpg\",\"url\":\"https:\\\/\\\/www.fabrizioaltieri.it\\\/wordpress\\\/wp-content\\\/uploads\\\/2023\\\/12\\\/scrittorone-e1729327151144.jpg\",\"contentUrl\":\"https:\\\/\\\/www.fabrizioaltieri.it\\\/wordpress\\\/wp-content\\\/uploads\\\/2023\\\/12\\\/scrittorone-e1729327151144.jpg\",\"width\":320,\"height\":320,\"caption\":\"Fabrizio\"},\"logo\":{\"@id\":\"https:\\\/\\\/www.fabrizioaltieri.it\\\/wordpress\\\/wp-content\\\/uploads\\\/2023\\\/12\\\/scrittorone-e1729327151144.jpg\"},\"description\":\"Fabrizio Altieri, pisano, \u00e8 insegnante e scrive libri per ragazzi e per grandi. Ha pubblicato con le pi\u00f9 importanti case editrici tra le quali Mondadori, Feltrinelli, Rizzoli e Il Battello a Vapore\",\"sameAs\":[\"https:\\\/\\\/www.facebook.com\\\/fabrizio.altieri\",\"https:\\\/\\\/www.instagram.com\\\/scrittorone\\\/\",\"https:\\\/\\\/x.com\\\/https:\\\/\\\/twitter.com\\\/scrittorone\"]},{\"@type\":\"Person\",\"@id\":\"https:\\\/\\\/www.fabrizioaltieri.it\\\/wordpress\\\/#\\\/schema\\\/person\\\/f28d64333d65e2dd8b16eee80923ce1d\",\"name\":\"Fabrizio\",\"image\":{\"@type\":\"ImageObject\",\"inLanguage\":\"it-IT\",\"@id\":\"https:\\\/\\\/secure.gravatar.com\\\/avatar\\\/?s=96&r=g\",\"url\":\"https:\\\/\\\/secure.gravatar.com\\\/avatar\\\/?s=96&r=g\",\"contentUrl\":\"https:\\\/\\\/secure.gravatar.com\\\/avatar\\\/?s=96&r=g\",\"caption\":\"Fabrizio\"},\"url\":\"https:\\\/\\\/www.fabrizioaltieri.it\\\/wordpress\\\/author\\\/fabrizio\\\/\"}]}<\/script>\n<!-- \/ Yoast SEO plugin. -->","yoast_head_json":{"title":"la domanda del bambino con gli occhiali","description":"Qualche mese fa lo scrittore fu invitato a parlare ai ragazzi ad una scuola media vicino a Brescia. Lo schema era il solito, all'inizio timore e","robots":{"index":"index","follow":"follow","max-snippet":"max-snippet:-1","max-image-preview":"max-image-preview:large","max-video-preview":"max-video-preview:-1"},"canonical":"https:\/\/www.fabrizioaltieri.it\/wordpress\/la-domanda-del-bambino-con-gli-occhiali\/","og_locale":"it_IT","og_type":"article","og_title":"la domanda del bambino con gli occhiali","og_description":"Qualche mese fa lo scrittore fu invitato a parlare ai ragazzi ad una scuola media vicino a Brescia. Lo schema era il solito, all'inizio timore e","og_url":"https:\/\/www.fabrizioaltieri.it\/wordpress\/la-domanda-del-bambino-con-gli-occhiali\/","og_site_name":"Fabrizio Altieri","article_publisher":"https:\/\/www.facebook.com\/fabrizio.altieri","article_published_time":"2009-05-04T16:22:00+00:00","article_modified_time":"2015-10-31T05:51:48+00:00","og_image":[{"width":351,"height":344,"url":"https:\/\/www.fabrizioaltieri.it\/wordpress\/wp-content\/uploads\/2009\/05\/luna-rossa1.jpg","type":"image\/jpeg"}],"author":"Fabrizio","twitter_card":"summary_large_image","twitter_creator":"@scrittorone","twitter_site":"@scrittorone","twitter_misc":{"Scritto da":"Fabrizio","Tempo di lettura stimato":"1 minuto"},"schema":{"@context":"https:\/\/schema.org","@graph":[{"@type":"Article","@id":"https:\/\/www.fabrizioaltieri.it\/wordpress\/la-domanda-del-bambino-con-gli-occhiali\/#article","isPartOf":{"@id":"https:\/\/www.fabrizioaltieri.it\/wordpress\/la-domanda-del-bambino-con-gli-occhiali\/"},"author":{"name":"Fabrizio","@id":"https:\/\/www.fabrizioaltieri.it\/wordpress\/#\/schema\/person\/f28d64333d65e2dd8b16eee80923ce1d"},"headline":"La domanda del bambino con gli occhiali","datePublished":"2009-05-04T16:22:00+00:00","dateModified":"2015-10-31T05:51:48+00:00","mainEntityOfPage":{"@id":"https:\/\/www.fabrizioaltieri.it\/wordpress\/la-domanda-del-bambino-con-gli-occhiali\/"},"wordCount":240,"commentCount":3,"publisher":{"@id":"https:\/\/www.fabrizioaltieri.it\/wordpress\/#\/schema\/person\/b9b57fbf444bfcc1f1861e5b25d24b41"},"image":{"@id":"https:\/\/www.fabrizioaltieri.it\/wordpress\/la-domanda-del-bambino-con-gli-occhiali\/#primaryimage"},"thumbnailUrl":"https:\/\/www.fabrizioaltieri.it\/wordpress\/wp-content\/uploads\/2009\/05\/luna-rossa1.jpg","keywords":["Letteratura"],"articleSection":["Letteratura","Musica","Scuola"],"inLanguage":"it-IT","potentialAction":[{"@type":"CommentAction","name":"Comment","target":["https:\/\/www.fabrizioaltieri.it\/wordpress\/la-domanda-del-bambino-con-gli-occhiali\/#respond"]}]},{"@type":"WebPage","@id":"https:\/\/www.fabrizioaltieri.it\/wordpress\/la-domanda-del-bambino-con-gli-occhiali\/","url":"https:\/\/www.fabrizioaltieri.it\/wordpress\/la-domanda-del-bambino-con-gli-occhiali\/","name":"la domanda del bambino con gli occhiali","isPartOf":{"@id":"https:\/\/www.fabrizioaltieri.it\/wordpress\/#website"},"primaryImageOfPage":{"@id":"https:\/\/www.fabrizioaltieri.it\/wordpress\/la-domanda-del-bambino-con-gli-occhiali\/#primaryimage"},"image":{"@id":"https:\/\/www.fabrizioaltieri.it\/wordpress\/la-domanda-del-bambino-con-gli-occhiali\/#primaryimage"},"thumbnailUrl":"https:\/\/www.fabrizioaltieri.it\/wordpress\/wp-content\/uploads\/2009\/05\/luna-rossa1.jpg","datePublished":"2009-05-04T16:22:00+00:00","dateModified":"2015-10-31T05:51:48+00:00","description":"Qualche mese fa lo scrittore fu invitato a parlare ai ragazzi ad una scuola media vicino a Brescia. Lo schema era il solito, all'inizio timore e","breadcrumb":{"@id":"https:\/\/www.fabrizioaltieri.it\/wordpress\/la-domanda-del-bambino-con-gli-occhiali\/#breadcrumb"},"inLanguage":"it-IT","potentialAction":[{"@type":"ReadAction","target":["https:\/\/www.fabrizioaltieri.it\/wordpress\/la-domanda-del-bambino-con-gli-occhiali\/"]}]},{"@type":"ImageObject","inLanguage":"it-IT","@id":"https:\/\/www.fabrizioaltieri.it\/wordpress\/la-domanda-del-bambino-con-gli-occhiali\/#primaryimage","url":"https:\/\/www.fabrizioaltieri.it\/wordpress\/wp-content\/uploads\/2009\/05\/luna-rossa1.jpg","contentUrl":"https:\/\/www.fabrizioaltieri.it\/wordpress\/wp-content\/uploads\/2009\/05\/luna-rossa1.jpg","width":351,"height":344},{"@type":"BreadcrumbList","@id":"https:\/\/www.fabrizioaltieri.it\/wordpress\/la-domanda-del-bambino-con-gli-occhiali\/#breadcrumb","itemListElement":[{"@type":"ListItem","position":1,"name":"Home","item":"https:\/\/www.fabrizioaltieri.it\/wordpress\/"},{"@type":"ListItem","position":2,"name":"La domanda del bambino con gli occhiali"}]},{"@type":"WebSite","@id":"https:\/\/www.fabrizioaltieri.it\/wordpress\/#website","url":"https:\/\/www.fabrizioaltieri.it\/wordpress\/","name":"Fabrizio Altieri","description":"Scrittore e insegnante","publisher":{"@id":"https:\/\/www.fabrizioaltieri.it\/wordpress\/#\/schema\/person\/b9b57fbf444bfcc1f1861e5b25d24b41"},"alternateName":"Schede didattiche e libri per ragazzi","potentialAction":[{"@type":"SearchAction","target":{"@type":"EntryPoint","urlTemplate":"https:\/\/www.fabrizioaltieri.it\/wordpress\/?s={search_term_string}"},"query-input":{"@type":"PropertyValueSpecification","valueRequired":true,"valueName":"search_term_string"}}],"inLanguage":"it-IT"},{"@type":["Person","Organization"],"@id":"https:\/\/www.fabrizioaltieri.it\/wordpress\/#\/schema\/person\/b9b57fbf444bfcc1f1861e5b25d24b41","name":"Fabrizio","image":{"@type":"ImageObject","inLanguage":"it-IT","@id":"https:\/\/www.fabrizioaltieri.it\/wordpress\/wp-content\/uploads\/2023\/12\/scrittorone-e1729327151144.jpg","url":"https:\/\/www.fabrizioaltieri.it\/wordpress\/wp-content\/uploads\/2023\/12\/scrittorone-e1729327151144.jpg","contentUrl":"https:\/\/www.fabrizioaltieri.it\/wordpress\/wp-content\/uploads\/2023\/12\/scrittorone-e1729327151144.jpg","width":320,"height":320,"caption":"Fabrizio"},"logo":{"@id":"https:\/\/www.fabrizioaltieri.it\/wordpress\/wp-content\/uploads\/2023\/12\/scrittorone-e1729327151144.jpg"},"description":"Fabrizio Altieri, pisano, \u00e8 insegnante e scrive libri per ragazzi e per grandi. Ha pubblicato con le pi\u00f9 importanti case editrici tra le quali Mondadori, Feltrinelli, Rizzoli e Il Battello a Vapore","sameAs":["https:\/\/www.facebook.com\/fabrizio.altieri","https:\/\/www.instagram.com\/scrittorone\/","https:\/\/x.com\/https:\/\/twitter.com\/scrittorone"]},{"@type":"Person","@id":"https:\/\/www.fabrizioaltieri.it\/wordpress\/#\/schema\/person\/f28d64333d65e2dd8b16eee80923ce1d","name":"Fabrizio","image":{"@type":"ImageObject","inLanguage":"it-IT","@id":"https:\/\/secure.gravatar.com\/avatar\/?s=96&r=g","url":"https:\/\/secure.gravatar.com\/avatar\/?s=96&r=g","contentUrl":"https:\/\/secure.gravatar.com\/avatar\/?s=96&r=g","caption":"Fabrizio"},"url":"https:\/\/www.fabrizioaltieri.it\/wordpress\/author\/fabrizio\/"}]}},"_links":{"self":[{"href":"https:\/\/www.fabrizioaltieri.it\/wordpress\/wp-json\/wp\/v2\/posts\/779","targetHints":{"allow":["GET"]}}],"collection":[{"href":"https:\/\/www.fabrizioaltieri.it\/wordpress\/wp-json\/wp\/v2\/posts"}],"about":[{"href":"https:\/\/www.fabrizioaltieri.it\/wordpress\/wp-json\/wp\/v2\/types\/post"}],"author":[{"embeddable":true,"href":"https:\/\/www.fabrizioaltieri.it\/wordpress\/wp-json\/wp\/v2\/users\/2"}],"replies":[{"embeddable":true,"href":"https:\/\/www.fabrizioaltieri.it\/wordpress\/wp-json\/wp\/v2\/comments?post=779"}],"version-history":[{"count":0,"href":"https:\/\/www.fabrizioaltieri.it\/wordpress\/wp-json\/wp\/v2\/posts\/779\/revisions"}],"wp:featuredmedia":[{"embeddable":true,"href":"https:\/\/www.fabrizioaltieri.it\/wordpress\/wp-json\/wp\/v2\/media\/1939"}],"wp:attachment":[{"href":"https:\/\/www.fabrizioaltieri.it\/wordpress\/wp-json\/wp\/v2\/media?parent=779"}],"wp:term":[{"taxonomy":"category","embeddable":true,"href":"https:\/\/www.fabrizioaltieri.it\/wordpress\/wp-json\/wp\/v2\/categories?post=779"},{"taxonomy":"post_tag","embeddable":true,"href":"https:\/\/www.fabrizioaltieri.it\/wordpress\/wp-json\/wp\/v2\/tags?post=779"}],"curies":[{"name":"wp","href":"https:\/\/api.w.org\/{rel}","templated":true}]}}